[{"@context":"https:\/\/schema.org\/","@type":"Article","@id":"https:\/\/www.sineal.sk\/co-sa-tyka-deti\/#Article","mainEntityOfPage":"https:\/\/www.sineal.sk\/co-sa-tyka-deti\/","headline":"\u010co sa t\u00fdka det\u00ed","name":"\u010co sa t\u00fdka det\u00ed","description":"Sme od seba nieko\u013eko rokov (na\u0161la som si in\u00e9ho), ale m\u00e1me spolu tri \u00fa\u017easn\u00e9 deti, ktor\u00fd nadov\u0161etko milujeme. Kame\u0148 \u00farazu je ale na\u0161a dohoda oh\u013eadom &hellip; ","datePublished":"2024-02-22","dateModified":"2024-03-22","author":{"@type":"Person","@id":"https:\/\/www.sineal.sk\/author\/#Person","name":"","url":"https:\/\/www.sineal.sk\/author\/","identifier":1,"image":{"@type":"ImageObject","@id":"https:\/\/secure.gravatar.com\/avatar\/3064f57e4a87acc15ee08ce03d01afdc2a328e3d2da280f2bcfaabcbd486d62e?s=96&d=mm&r=g","url":"https:\/\/secure.gravatar.com\/avatar\/3064f57e4a87acc15ee08ce03d01afdc2a328e3d2da280f2bcfaabcbd486d62e?s=96&d=mm&r=g","height":96,"width":96}},"publisher":{"@type":"Organization","name":"sineal.sk","logo":{"@type":"ImageObject","@id":"\/logo.png","url":"\/logo.png","width":600,"height":60}},"image":{"@type":"ImageObject","@id":"https:\/\/www.sineal.sk\/wp-content\/uploads\/pexels-pixabay-414006_6.jpg","url":"https:\/\/www.sineal.sk\/wp-content\/uploads\/pexels-pixabay-414006_6.jpg","height":0,"width":0},"url":"https:\/\/www.sineal.sk\/co-sa-tyka-deti\/","about":["Spolo\u010dnos\u0165"],"wordCount":442,"articleBody":"Sme od seba nieko\u013eko rokov (na\u0161la som si in\u00e9ho), ale m\u00e1me spolu tri \u00fa\u017easn\u00e9 deti, ktor\u00fd nadov\u0161etko milujeme. Kame\u0148 \u00farazu je ale na\u0161a dohoda oh\u013eadom det\u00ed. Ja sa m\u00f4\u017eem pretrhn\u00fa\u0165 v tom, \u017ee mu vych\u00e1dzam v \u00fastrety, raz to neurob\u00edm a u\u017e po\u010d\u00favam, ako si v\u0161etko mus\u00ed zaria\u010fova\u0165 bezo m\u0148a. Ale ke\u010f chcem nie\u010do ja, je s t\u00fdm neust\u00e1le probl\u00e9m. U\u017e nieko\u013ekokr\u00e1t som ho \u017eiadala, \u017ee by som rada, aby deti mohla vyzdvihova\u0165 m\u00f4j teraj\u0161\u00ed priate\u013e, ale st\u00e1le je to tak, \u017ee pod\u013ea b\u00fdval\u00e9ho to nie je potrebn\u00e9, \u017ee jednoducho m\u00e1m deti, tak si ich jednoducho vyzdvihnem ja. Tak\u017ee v podstate som na to sama a v\u017edy to mus\u00edm nejako sk\u013abi\u0165 s pr\u00e1cou, aby som deti stihla vyzdvihn\u00fa\u0165.On na to m\u00e1 rodi\u010dov a s\u00farodencov, ke\u010f nest\u00edha&#8230; Ned\u00e1vno mal b\u00fdval\u00fd mu\u017e aj s na\u0161imi de\u0165mi \u0165a\u017ek\u00fa \u200b\u200bautonehodu, v\u0161etci skon\u010dili s \u0165a\u017ek\u00fdmi zraneniami v nemocnici, jedinej dc\u00e9rke ni\u010d v\u00e1\u017ene nebolo. Obaja chlapci le\u017eali na JIS&#8230; Akon\u00e1hle som sa to dozvedela, okam\u017eite som za nimi i\u0161la do nemocnice a jazdila som za nimi ka\u017ed\u00fd de\u0148. Ke\u010f ich potom postupne pustili domov, pon\u00fakala som sa, \u017ee pr\u00eddem as de\u0165mi pom\u00f4\u017eem, ale odmietol ma, \u017ee si porad\u00ed s\u00e1m. Ako sa postupne de\u0165om darilo, som sa st\u00e1le musela p\u00fdta\u0165, \u010di sa za de\u0165mi m\u00f4\u017eem \u00eds\u0165 pozrie\u0165, sa tie\u017e mus\u00edm p\u00fdta\u0165. Teraz po dvoch mesiacoch od nehody som si chcela vzia\u0165 k sebe dc\u00e9ru a syna, ale zase mi to zak\u00e1zal, \u017ee si bu\u010f vezmem v\u0161etk\u00fdch troch alebo nikoho.Pritom druh\u00fd syn e\u0161te po nehode poriadne nem\u00f4\u017ee chodi\u0165 a \u00faprimne mi pr\u00edde krajne nezodpovedn\u00e9, aby som ho \u0165ahala cez pol mesta MHD, ke\u010f e\u0161te nie je OK. Pr\u00eddem si ako hlup\u00e1k, aby som sa neust\u00e1le prosila o to, \u010di smiem vidie\u0165 deti, \u010di za nimi m\u00f4\u017eem pr\u00eds\u0165 at\u010f&#8230; Od s\u00fadu nem\u00e1m \u017eiadny z\u00e1kaz, pri rozvode sme jasne uviedli, \u017ee vedieme spolo\u010dn\u00fd dohovor. Ale ako mu vy\u010d\u00edtam, \u017ee mi nedal vedie\u0165, ako je de\u0165om, tak mi obratom vp\u00e1li, \u017ee nie je povinn\u00fd mi d\u00e1va\u0165 vedie\u0165 a \u017ee ke\u010f ma zauj\u00edma stav det\u00ed, \u017ee si o neho m\u00e1m nap\u00edsa\u0165. Za cel\u00fa dobu sa nestalo, aby mi sama od seba nap\u00edsal treba.                                                                                                                                                                                                                                                                                                                                                                                        4.2\/5 - (14 votes)        "},{"@context":"https:\/\/schema.org\/","@type":"BreadcrumbList","itemListElement":[{"@type":"ListItem","position":1,"name":"\u010co sa t\u00fdka det\u00ed","item":"https:\/\/www.sineal.sk\/co-sa-tyka-deti\/#breadcrumbitem"}]}]